{"id":1023,"date":"2016-04-01T16:01:15","date_gmt":"2016-04-01T12:01:15","guid":{"rendered":"http:\/\/www.annaf.fr\/?p=1023"},"modified":"2020-04-28T17:45:37","modified_gmt":"2020-04-28T13:45:37","slug":"saint-denis-selection","status":"publish","type":"post","link":"https:\/\/www.annaf.fr\/?p=1023","title":{"rendered":"Saint denis s\u00e9lection |2016"},"content":{"rendered":"<p><em>Saint Denis, s\u00e9lection, Pr\u00e9fecture<\/em>, 2016,Vid\u00e9o HD, 1&prime;<\/p>\n<p><iframe loading=\"lazy\" title=\"Saint Denis, s\u00e9lection\" width=\"640\" height=\"480\" src=\"https:\/\/www.youtube.com\/embed\/RU40l33d6Rc?feature=oembed\" frameborder=\"0\" allow=\"accelerometer; autoplay; encrypted-media; gyroscope; picture-in-picture\" allowfullscreen><\/iframe><\/p>\n<p>&nbsp;<\/p>\n<p><em>Saint Pierre, s\u00e9lection, Sous-Pr\u00e9fecture<\/em>, 2016,Vid\u00e9o HD, 1&prime;<\/p>\n<p><iframe loading=\"lazy\" title=\"Saint Pierre, s\u00e9lection\" width=\"640\" height=\"480\" src=\"https:\/\/www.youtube.com\/embed\/AMXciOmSbyY?feature=oembed\" frameborder=\"0\" allow=\"accelerometer; autoplay; encrypted-media; gyroscope; picture-in-picture\" allowfullscreen><\/iframe><\/p>\n<p>&nbsp;<\/p>\n<p><em>Saint Paul, s\u00e9lection, Sous-Pr\u00e9fecture<\/em>, 2016,Vid\u00e9o HD, 1&prime;<\/p>\n<p><iframe loading=\"lazy\" title=\"Saint Paul, s\u00e9lection\" width=\"640\" height=\"480\" src=\"https:\/\/www.youtube.com\/embed\/N_SZpc4PAPo?feature=oembed\" frameborder=\"0\" allow=\"accelerometer; autoplay; encrypted-media; gyroscope; picture-in-picture\" allowfullscreen><\/iframe><\/p>\n<p>&nbsp;<\/p>\n<p><em>Saint Beno\u00eet, s\u00e9lection, Sous-Pr\u00e9fecture<\/em>, 2016,Vid\u00e9o HD, 1&prime;<\/p>\n<p><iframe loading=\"lazy\" width=\"640\" height=\"480\" src=\"https:\/\/www.youtube.com\/embed\/8R1w8CI4jn4?feature=oembed\" frameborder=\"0\" allow=\"autoplay; encrypted-media\" allowfullscreen><\/iframe><\/p>\n","protected":false},"excerpt":{"rendered":"<p>Saint Denis, s\u00e9lection, Pr\u00e9fecture, 2016,Vid\u00e9o HD, 1&prime; &nbsp; Saint Pierre, s\u00e9lection, Sous-Pr\u00e9fecture, 2016,Vid\u00e9o HD, 1&prime; &nbsp; Saint Paul, s\u00e9lection, Sous-Pr\u00e9fecture, 2016,Vid\u00e9o HD, 1&prime; &nbsp; Saint Beno\u00eet, s\u00e9lection, Sous-Pr\u00e9fecture, 2016,Vid\u00e9o HD, 1&prime;<\/p>\n","protected":false},"author":1,"featured_media":1024,"comment_status":"closed","ping_status":"closed","sticky":false,"template":"","format":"image","meta":[],"categories":[56,30],"tags":[],"_links":{"self":[{"href":"https:\/\/www.annaf.fr\/index.php?rest_route=\/wp\/v2\/posts\/1023"}],"collection":[{"href":"https:\/\/www.annaf.fr\/index.php?rest_route=\/wp\/v2\/posts"}],"about":[{"href":"https:\/\/www.annaf.fr\/index.php?rest_route=\/wp\/v2\/types\/post"}],"author":[{"embeddable":true,"href":"https:\/\/www.annaf.fr\/index.php?rest_route=\/wp\/v2\/users\/1"}],"replies":[{"embeddable":true,"href":"https:\/\/www.annaf.fr\/index.php?rest_route=%2Fwp%2Fv2%2Fcomments&post=1023"}],"version-history":[{"count":6,"href":"https:\/\/www.annaf.fr\/index.php?rest_route=\/wp\/v2\/posts\/1023\/revisions"}],"predecessor-version":[{"id":1692,"href":"https:\/\/www.annaf.fr\/index.php?rest_route=\/wp\/v2\/posts\/1023\/revisions\/1692"}],"wp:featuredmedia":[{"embeddable":true,"href":"https:\/\/www.annaf.fr\/index.php?rest_route=\/wp\/v2\/media\/1024"}],"wp:attachment":[{"href":"https:\/\/www.annaf.fr\/index.php?rest_route=%2Fwp%2Fv2%2Fmedia&parent=1023"}],"wp:term":[{"taxonomy":"category","embeddable":true,"href":"https:\/\/www.annaf.fr\/index.php?rest_route=%2Fwp%2Fv2%2Fcategories&post=1023"},{"taxonomy":"post_tag","embeddable":true,"href":"https:\/\/www.annaf.fr\/index.php?rest_route=%2Fwp%2Fv2%2Ftags&post=1023"}],"curies":[{"name":"wp","href":"https:\/\/api.w.org\/{rel}","templated":true}]}}