{"id":637,"date":"0011-12-01T14:33:18","date_gmt":"0011-12-01T10:51:26","guid":{"rendered":"http:\/\/www.annaf.fr\/?p=637"},"modified":"2020-04-29T09:25:21","modified_gmt":"2020-04-29T05:25:21","slug":"article-2011","status":"publish","type":"post","link":"https:\/\/www.annaf.fr\/?p=637","title":{"rendered":"C. Bonniol, 2011"},"content":{"rendered":"<p><em><span style=\"color: #808080;\">Texte publi\u00e9 in :\u00a0Catalogue de l&rsquo;exposition une installation, 2011, M\u00e9diath\u00e8que du Tampon<\/span><\/em><br \/>\n<em> <span style=\"color: #808080;\">Soutenu par : R\u00e9gion R\u00e9union, D\u00e9partement de la R\u00e9union, Le Tampon, M\u00e9diath\u00e8que<\/span><\/em><\/p>\n<p style=\"text-align: right;\"><em>\u00a0<\/em><em>\u00ab\u00a0On ne peut pas ne pas communiquer\u00a0\u00a0\u00bb<br \/>\n<\/em>Paul Watzlawick<\/p>\n<p>&nbsp;<\/p>\n<p>Que se passe t-il lorsqu\u2019une artiste qui s\u2019int\u00e9resse aux interactions humaines est invit\u00e9e \u00e0 investir un espace d\u2019exposition log\u00e9 dans une m\u00e9diath\u00e8que\u00a0?? La c\u00e9l\u00e8bre phrase de Paul Watzlawick nous rappelle que la communication est une n\u00e9cessit\u00e9 pour l\u2019homme, elle est partout, prend toutes les formes et se traduit aussi plastiquement dans les interrogations des artistes d\u2019aujourd\u2019hui.<\/p>\n<p>Annaf est pluridisciplinaire, touche \u00e0 tout, \u00e0 l\u2019aise avec les nouveaux outils et les nouvelles techniques. En quelques ann\u00e9es elle passe d\u2019un travail de la terre qui l\u2019am\u00e8ne \u00e0 construire chez elle son propre four, \u00e0 l\u2019utilisation du plastique pour ses propri\u00e9t\u00e9s sonores et r\u00e9fl\u00e9chissantes, \u00e0 l\u2019usage du son et de la lumi\u00e8re comme mat\u00e9riaux de cr\u00e9ation et d\u2019exp\u00e9rimentation, ou encore \u00e0 une approche du dessin exploitant tout en finesse, courbes et arabesques, de grands formats.<\/p>\n<p>En filigrane de ce large panel, les m\u00eames probl\u00e9matiques abord\u00e9es de mani\u00e8res diff\u00e9rentes sous tendent sa pratique. Se retrouve l\u00e0 le questionnement sur ce vaste sujet qu\u2019est la communication.<\/p>\n<p>Depuis ses premi\u00e8res installations<a href=\"#_edn1\" name=\"_ednref1\">[i]<\/a>, il est question du contact avec l\u2019autre. L\u2019autre, c\u2019est d\u2019abord le spectateur qui, \u00e0 travers l\u2019invitation faite par la proposition artistique, devient acteur d\u2019une situation. Annaf s\u2019inscrit dans cette d\u00e9marche, propre \u00e0 l\u2019art contemporain, qui fait de l\u2019art une exp\u00e9rience tant pour l\u2019artiste que pour le spectateur, une chose \u00e0 vivre plus qu\u2019une chose \u00e0 contempler.<\/p>\n<p>L\u2019exp\u00e9rience artistique pour Annaf se construit dans l\u2019espace. Affectionnant particuli\u00e8rement la forme installation, ses projets sont \u00e0 la fois pluri m\u00e9dia et pens\u00e9s pour un lieu. L\u2019exposition <em>une installation de Annaf<\/em> est con\u00e7ue pour le lieu pr\u00e9cis qu\u2019est une salle d\u2019exposition dans une m\u00e9diath\u00e8que. Les caract\u00e9ristiques spatiales sont prises en consid\u00e9ration dans la sc\u00e9nographie\u00a0: hauteur de plafond, superficie, transparences des parois deviennent des \u00e9l\u00e9ments constitutifs de l\u2019\u0153uvre. L\u2019artiste compose avec l\u2019espace qui devient signifiant, communiquant, bien plus qu\u2019une simple \u00ab\u00a0boite\u00a0\u00bb qui accueille des \u0153uvres.<\/p>\n<p>La fonction sp\u00e9cifique du lieu de l\u2019exposition est aussi une donn\u00e9e avec laquelle l\u2019artiste compose. Aussi dans certaines pi\u00e8ces, c\u2019est le message m\u00e9diatique qui est interrog\u00e9. L\u2019artiste aborde l\u2019id\u00e9e de communication sous plusieurs angles. Le travail sur la multiplication des \u00e9l\u00e9ments renvoie au groupe, \u00e0 la communaut\u00e9. La notion de dualit\u00e9 apparait comme un fil directeur dans l\u2019exposition, comme dans l\u2019ensemble de la d\u00e9marche de l\u2019artiste\u00a0: l\u2019ouverture sur l\u2019espace ext\u00e9rieur s\u2019oppose \u00e0 l\u2019impression d\u2019enfermement donn\u00e9 par l\u2019effet quadrillage que produisent les nombreuses horizontales et verticales du lieu\u00a0; la nature joue avec l\u2019artifice\u00a0; le noir dialogue avec le blanc. Et puis il y a le mot\u2026le mot parl\u00e9, le mot entendu, le mot \u00e9crit, le mot lu, le mot pens\u00e9, exprim\u00e9 ou inexprim\u00e9, re\u00e7u ou \u00e9vapor\u00e9\u2026le mot intervenant comme liant de cette r\u00e9flexion sur la communication.<\/p>\n<p>Avec cette premi\u00e8re exposition monographique, Annaf trouve l\u2019\u00e9quilibre entre prolif\u00e9ration et \u00e9conomie de moyens. C\u2019est un moment important dans le parcours cr\u00e9atif de l\u2019artiste qui d\u00e9voile des aspects plus personnels de son travail, notamment dans une r\u00e9flexion sur l\u2019impossible communication avec les absents et paradoxalement leur pr\u00e9sence dans la m\u00e9moire.<\/p>\n<p>Dialectique entre la place des relations humaines et la force des souvenirs, ce sont des questionnements profonds qui s\u2019expriment avec brio dans une pluralit\u00e9 de propositions livr\u00e9es au spect-acteur.<\/p>\n<p style=\"text-align: right;\">C\u00e9line Bonniol<br \/>\nJanvier 2011<\/p>\n<p>&nbsp;<\/p>\n<p><a href=\"#_ednref1\" name=\"_edn1\"><em><strong>[i]<\/strong><\/em><\/a><em> Mandala(2006), Dispositif double jeu(2008)<\/em><\/p>\n","protected":false},"excerpt":{"rendered":"<p>Texte publi\u00e9 in :\u00a0Catalogue de l&rsquo;exposition une installation, 2011, M\u00e9diath\u00e8que du Tampon Soutenu par : R\u00e9gion R\u00e9union, D\u00e9partement de la R\u00e9union, Le Tampon, M\u00e9diath\u00e8que \u00a0\u00ab\u00a0On ne peut pas ne pas communiquer\u00a0\u00a0\u00bb Paul Watzlawick &nbsp; Que se passe t-il lorsqu\u2019une artiste qui s\u2019int\u00e9resse aux interactions humaines est invit\u00e9e \u00e0 investir un espace d\u2019exposition log\u00e9 dans une [&hellip;]<\/p>\n","protected":false},"author":1,"featured_media":680,"comment_status":"closed","ping_status":"closed","sticky":false,"template":"","format":"standard","meta":[],"categories":[23,51],"tags":[],"_links":{"self":[{"href":"https:\/\/www.annaf.fr\/index.php?rest_route=\/wp\/v2\/posts\/637"}],"collection":[{"href":"https:\/\/www.annaf.fr\/index.php?rest_route=\/wp\/v2\/posts"}],"about":[{"href":"https:\/\/www.annaf.fr\/index.php?rest_route=\/wp\/v2\/types\/post"}],"author":[{"embeddable":true,"href":"https:\/\/www.annaf.fr\/index.php?rest_route=\/wp\/v2\/users\/1"}],"replies":[{"embeddable":true,"href":"https:\/\/www.annaf.fr\/index.php?rest_route=%2Fwp%2Fv2%2Fcomments&post=637"}],"version-history":[{"count":10,"href":"https:\/\/www.annaf.fr\/index.php?rest_route=\/wp\/v2\/posts\/637\/revisions"}],"predecessor-version":[{"id":683,"href":"https:\/\/www.annaf.fr\/index.php?rest_route=\/wp\/v2\/posts\/637\/revisions\/683"}],"wp:featuredmedia":[{"embeddable":true,"href":"https:\/\/www.annaf.fr\/index.php?rest_route=\/wp\/v2\/media\/680"}],"wp:attachment":[{"href":"https:\/\/www.annaf.fr\/index.php?rest_route=%2Fwp%2Fv2%2Fmedia&parent=637"}],"wp:term":[{"taxonomy":"category","embeddable":true,"href":"https:\/\/www.annaf.fr\/index.php?rest_route=%2Fwp%2Fv2%2Fcategories&post=637"},{"taxonomy":"post_tag","embeddable":true,"href":"https:\/\/www.annaf.fr\/index.php?rest_route=%2Fwp%2Fv2%2Ftags&post=637"}],"curies":[{"name":"wp","href":"https:\/\/api.w.org\/{rel}","templated":true}]}}